{"id":25255,"date":"2019-11-19T14:02:21","date_gmt":"2019-11-19T14:02:21","guid":{"rendered":"https:\/\/eurecatacademy.org\/sense-categoria\/las-5-claves-de-la-gestion-de-la-idi\/"},"modified":"2022-08-26T13:16:38","modified_gmt":"2022-08-26T11:16:38","slug":"les-5-claus-de-la-gestio-de-lrdi","status":"publish","type":"post","link":"https:\/\/eurecatacademy.org\/ca\/noticies\/les-5-claus-de-la-gestio-de-lrdi\/","title":{"rendered":"Les 5 claus de la gesti\u00f3 de l&#8217;R+D+i"},"content":{"rendered":"<p>Des de la perspectiva empresarial, la innovaci\u00f3 i la investigaci\u00f3 representen una gran oportunitat per guanyar competitivitat i productivitat. A hores d&#8217;ara s\u00f3n moltes les empreses que <strong>han iniciat un proc\u00e9s de transformaci\u00f3 interna basada en l&#8217;impuls de la innovaci\u00f3<\/strong>, per\u00f2<strong> tenen dificultats per obtenir un retorn a curt termini<\/strong>.<\/p>\n<p>La digitalitzaci\u00f3 i l&#8217;acceleraci\u00f3 de l&#8217;canvi tecnol\u00f2gic obliga les empreses a redefinir la seva estrat\u00e8gia i establir <strong>programes d&#8217;innovaci\u00f3 oberta<\/strong> per a la generaci\u00f3 de nous models de negoci. En aquest context, resulta essencial la definici\u00f3 d&#8217;uns <strong>eixos estrat\u00e8gics clars basats en les capacitats internes i implementar metodologies per monitoritzar l&#8217;entorn i generar nous productes de forma m\u00e9s \u00e0gil<\/strong>.<\/p>\n<p>Roger Font, cap de Departament de Consultoria de Eurecat i Director del <a href=\"https:\/\/eurecatacademy.org\/ca\/cursos\/postgrau-de-gestio-de-projectes-drdi-online\/\">Postgrau de Gesti\u00f3 de projectes d&#8217;R+D+I<\/a> d&#8217;Eurecat Academy ha gestionat multitud de projectes d&#8217;innovaci\u00f3 en tot tipus d&#8217;empreses i ens proposa cinc indicacions per a una gesti\u00f3 de l&#8217;R+D+i m\u00e9s eficient.<\/p>\n<h2>5 claus per la gesti\u00f3 de l&#8217;R+D+i<\/h2>\n<h3>1. Implicaci\u00f3 de la Direcci\u00f3 i dels \u00f3rgans de govern amb l&#8217;R+D+i<\/h3>\n<p>El proc\u00e9s d&#8217;innovaci\u00f3 ha de ser sistem\u00e0tic dins de l&#8217;empresa amb una forta implicaci\u00f3 per part de Comit\u00e8 de direcci\u00f3 i els \u00f2rgans de govern. Sense aquest requisit, no es pot impulsar la R+D+i en cap organitzaci\u00f3.<\/p>\n<h3>2. Desenvolupament d&#8217;un pla estrat\u00e8gic i mesurable<\/h3>\n<p>La definici\u00f3 d&#8217;uns eixos d&#8217;innovaci\u00f3 clars i alineats als objectius estrat\u00e8gics de l&#8217;empresa \u00e9s essencial per a una correcta gesti\u00f3 i alineaci\u00f3 corporativa. Tamb\u00e9 s&#8217;han de desenvolupar uns KPIs de seguiment que ens permetin avaluar l&#8217;\u00e8xit de el desenvolupament tecnol\u00f2gic.<\/p>\n<h3>3. Gesti\u00f3 equilibrada de la cartera de projectes d&#8217;R+D+i<\/h3>\n<p>En el proc\u00e9s \u00e9s clau assegurar i conv\u00e8ncer de l&#8217;\u00e8xit de l&#8217;activitat d&#8217;R+D+i. Hem de gestionar adequadament la cartera de projectes d&#8217;R+D+i de l&#8217;empresa, el que implica mantenir l&#8217;equilibri entre el risc i el potencial benefici.<\/p>\n<h3>4. Investigaci\u00f3 i innovaci\u00f3: dos processos diferents sota una mateixa estrat\u00e8gia<\/h3>\n<p>Una altra consell molt \u00fatil suposa separar els processos d&#8217;innovaci\u00f3 i de recerca encara que els dos estan sota una mateixa estrat\u00e8gia i objectius. La investigaci\u00f3 es realitza per incrementar el coneixement de l&#8217;empresa i generar Propietat Intel\u00b7lectual, mentre que la innovaci\u00f3 es basa en els resultats de la investigaci\u00f3 i de la demanda per tal de llan\u00e7ar nous productes a l&#8217;mercat. Conv\u00e9 gestionar-lo de forma separada tot i que els dos processos han d&#8217;estar estretament relacionats.<\/p>\n<h3>5. Cerca de sin\u00e8rgies amb altres entitats i agents d&#8217;innovaci\u00f3<\/h3>\n<p>A nivell estrat\u00e8gic hem de focalitzar en les nostres capacitats i buscar sinergies i complementarietats amb altres entitats i agents que puguin aportar i complementar la nostra tecnologia.<\/p>\n","protected":false},"excerpt":{"rendered":"<p>Des de la perspectiva empresarial, la innovaci\u00f3 i la investigaci\u00f3 representen una gran oportunitat per guanyar competitivitat i  [&#8230;]<\/p>\n","protected":false},"author":2,"featured_media":38190,"comment_status":"closed","ping_status":"closed","sticky":false,"template":"","format":"standard","meta":{"_acf_changed":false,"footnotes":""},"categories":[176],"tags":[],"class_list":["post-25255","post","type-post","status-publish","format-standard","has-post-thumbnail","hentry","category-noticies"],"acf":[],"yoast_head":"<!-- This site is optimized with the Yoast SEO plugin v28.2 - https:\/\/yoast.com\/product\/yoast-seo-wordpress\/ -->\n<title>Les 5 claus de la gesti\u00f3 de l&#039;R+D+i - Eurecat Academy<\/title>\n<meta name=\"robots\" content=\"index, follow, max-snippet:-1, max-image-preview:large, max-video-preview:-1\" \/>\n<link rel=\"canonical\" href=\"https:\/\/eurecatacademy.org\/ca\/noticies\/les-5-claus-de-la-gestio-de-lrdi\/\" \/>\n<meta property=\"og:locale\" content=\"ca_ES\" \/>\n<meta property=\"og:type\" content=\"article\" \/>\n<meta property=\"og:title\" content=\"Les 5 claus de la gesti\u00f3 de l&#039;R+D+i - Eurecat Academy\" \/>\n<meta property=\"og:description\" content=\"Des de la perspectiva empresarial, la innovaci\u00f3 i la investigaci\u00f3 representen una gran oportunitat per guanyar competitivitat i [...]\" \/>\n<meta property=\"og:url\" content=\"https:\/\/eurecatacademy.org\/ca\/noticies\/les-5-claus-de-la-gestio-de-lrdi\/\" \/>\n<meta property=\"og:site_name\" content=\"Eurecat Academy\" \/>\n<meta property=\"article:published_time\" content=\"2019-11-19T14:02:21+00:00\" \/>\n<meta property=\"article:modified_time\" content=\"2022-08-26T11:16:38+00:00\" \/>\n<meta property=\"og:image\" content=\"https:\/\/eurecatacademy.org\/wp-content\/uploads\/2019\/11\/gestio_rdi.jpg\" \/>\n\t<meta property=\"og:image:width\" content=\"640\" \/>\n\t<meta property=\"og:image:height\" content=\"427\" \/>\n\t<meta property=\"og:image:type\" content=\"image\/jpeg\" \/>\n<meta name=\"author\" content=\"Elena Merin\" \/>\n<meta name=\"twitter:card\" content=\"summary_large_image\" \/>\n<meta name=\"twitter:label1\" content=\"Escrit per\" \/>\n\t<meta name=\"twitter:data1\" content=\"Elena Merin\" \/>\n\t<meta name=\"twitter:label2\" content=\"Temps estimat de lectura\" \/>\n\t<meta name=\"twitter:data2\" content=\"2 minuts\" \/>\n<script type=\"application\/ld+json\" class=\"yoast-schema-graph\">{\"@context\":\"https:\\\/\\\/schema.org\",\"@graph\":[{\"@type\":\"Article\",\"@id\":\"https:\\\/\\\/eurecatacademy.org\\\/ca\\\/noticies\\\/les-5-claus-de-la-gestio-de-lrdi\\\/#article\",\"isPartOf\":{\"@id\":\"https:\\\/\\\/eurecatacademy.org\\\/ca\\\/noticies\\\/les-5-claus-de-la-gestio-de-lrdi\\\/\"},\"author\":{\"name\":\"Elena Merin\",\"@id\":\"https:\\\/\\\/eurecatacademy.org\\\/#\\\/schema\\\/person\\\/c7c89d97bc7bb948ce8bbe0c139a2caf\"},\"headline\":\"Les 5 claus de la gesti\u00f3 de l&#8217;R+D+i\",\"datePublished\":\"2019-11-19T14:02:21+00:00\",\"dateModified\":\"2022-08-26T11:16:38+00:00\",\"mainEntityOfPage\":{\"@id\":\"https:\\\/\\\/eurecatacademy.org\\\/ca\\\/noticies\\\/les-5-claus-de-la-gestio-de-lrdi\\\/\"},\"wordCount\":500,\"image\":{\"@id\":\"https:\\\/\\\/eurecatacademy.org\\\/ca\\\/noticies\\\/les-5-claus-de-la-gestio-de-lrdi\\\/#primaryimage\"},\"thumbnailUrl\":\"https:\\\/\\\/eurecatacademy.org\\\/wp-content\\\/uploads\\\/2019\\\/11\\\/gestio_rdi.jpg\",\"articleSection\":[\"Noticies\"],\"inLanguage\":\"ca\"},{\"@type\":\"WebPage\",\"@id\":\"https:\\\/\\\/eurecatacademy.org\\\/ca\\\/noticies\\\/les-5-claus-de-la-gestio-de-lrdi\\\/\",\"url\":\"https:\\\/\\\/eurecatacademy.org\\\/ca\\\/noticies\\\/les-5-claus-de-la-gestio-de-lrdi\\\/\",\"name\":\"Les 5 claus de la gesti\u00f3 de l'R+D+i - Eurecat Academy\",\"isPartOf\":{\"@id\":\"https:\\\/\\\/eurecatacademy.org\\\/#website\"},\"primaryImageOfPage\":{\"@id\":\"https:\\\/\\\/eurecatacademy.org\\\/ca\\\/noticies\\\/les-5-claus-de-la-gestio-de-lrdi\\\/#primaryimage\"},\"image\":{\"@id\":\"https:\\\/\\\/eurecatacademy.org\\\/ca\\\/noticies\\\/les-5-claus-de-la-gestio-de-lrdi\\\/#primaryimage\"},\"thumbnailUrl\":\"https:\\\/\\\/eurecatacademy.org\\\/wp-content\\\/uploads\\\/2019\\\/11\\\/gestio_rdi.jpg\",\"datePublished\":\"2019-11-19T14:02:21+00:00\",\"dateModified\":\"2022-08-26T11:16:38+00:00\",\"author\":{\"@id\":\"https:\\\/\\\/eurecatacademy.org\\\/#\\\/schema\\\/person\\\/c7c89d97bc7bb948ce8bbe0c139a2caf\"},\"breadcrumb\":{\"@id\":\"https:\\\/\\\/eurecatacademy.org\\\/ca\\\/noticies\\\/les-5-claus-de-la-gestio-de-lrdi\\\/#breadcrumb\"},\"inLanguage\":\"ca\",\"potentialAction\":[{\"@type\":\"ReadAction\",\"target\":[\"https:\\\/\\\/eurecatacademy.org\\\/ca\\\/noticies\\\/les-5-claus-de-la-gestio-de-lrdi\\\/\"]}]},{\"@type\":\"ImageObject\",\"inLanguage\":\"ca\",\"@id\":\"https:\\\/\\\/eurecatacademy.org\\\/ca\\\/noticies\\\/les-5-claus-de-la-gestio-de-lrdi\\\/#primaryimage\",\"url\":\"https:\\\/\\\/eurecatacademy.org\\\/wp-content\\\/uploads\\\/2019\\\/11\\\/gestio_rdi.jpg\",\"contentUrl\":\"https:\\\/\\\/eurecatacademy.org\\\/wp-content\\\/uploads\\\/2019\\\/11\\\/gestio_rdi.jpg\",\"width\":640,\"height\":427},{\"@type\":\"BreadcrumbList\",\"@id\":\"https:\\\/\\\/eurecatacademy.org\\\/ca\\\/noticies\\\/les-5-claus-de-la-gestio-de-lrdi\\\/#breadcrumb\",\"itemListElement\":[{\"@type\":\"ListItem\",\"position\":1,\"name\":\"Portada\",\"item\":\"https:\\\/\\\/eurecatacademy.org\\\/ca\\\/\"},{\"@type\":\"ListItem\",\"position\":2,\"name\":\"Les 5 claus de la gesti\u00f3 de l&#8217;R+D+i\"}]},{\"@type\":\"WebSite\",\"@id\":\"https:\\\/\\\/eurecatacademy.org\\\/#website\",\"url\":\"https:\\\/\\\/eurecatacademy.org\\\/\",\"name\":\"Eurecat Academy\",\"description\":\"Formaci\u00f3n tecnol\u00f3gica para profesionales\",\"potentialAction\":[{\"@type\":\"SearchAction\",\"target\":{\"@type\":\"EntryPoint\",\"urlTemplate\":\"https:\\\/\\\/eurecatacademy.org\\\/?s={search_term_string}\"},\"query-input\":{\"@type\":\"PropertyValueSpecification\",\"valueRequired\":true,\"valueName\":\"search_term_string\"}}],\"inLanguage\":\"ca\"},{\"@type\":\"Person\",\"@id\":\"https:\\\/\\\/eurecatacademy.org\\\/#\\\/schema\\\/person\\\/c7c89d97bc7bb948ce8bbe0c139a2caf\",\"name\":\"Elena Merin\",\"image\":{\"@type\":\"ImageObject\",\"inLanguage\":\"ca\",\"@id\":\"https:\\\/\\\/secure.gravatar.com\\\/avatar\\\/deb330c0660ac5bf74cae5724d94229935e34c26df9bce576399b4da2212af05?s=96&d=mm&r=g\",\"url\":\"https:\\\/\\\/secure.gravatar.com\\\/avatar\\\/deb330c0660ac5bf74cae5724d94229935e34c26df9bce576399b4da2212af05?s=96&d=mm&r=g\",\"contentUrl\":\"https:\\\/\\\/secure.gravatar.com\\\/avatar\\\/deb330c0660ac5bf74cae5724d94229935e34c26df9bce576399b4da2212af05?s=96&d=mm&r=g\",\"caption\":\"Elena Merin\"},\"url\":\"https:\\\/\\\/eurecatacademy.org\\\/ca\\\/author\\\/elena-merin\\\/\"}]}<\/script>\n<!-- \/ Yoast SEO plugin. -->","yoast_head_json":{"title":"Les 5 claus de la gesti\u00f3 de l'R+D+i - Eurecat Academy","robots":{"index":"index","follow":"follow","max-snippet":"max-snippet:-1","max-image-preview":"max-image-preview:large","max-video-preview":"max-video-preview:-1"},"canonical":"https:\/\/eurecatacademy.org\/ca\/noticies\/les-5-claus-de-la-gestio-de-lrdi\/","og_locale":"ca_ES","og_type":"article","og_title":"Les 5 claus de la gesti\u00f3 de l'R+D+i - Eurecat Academy","og_description":"Des de la perspectiva empresarial, la innovaci\u00f3 i la investigaci\u00f3 representen una gran oportunitat per guanyar competitivitat i [...]","og_url":"https:\/\/eurecatacademy.org\/ca\/noticies\/les-5-claus-de-la-gestio-de-lrdi\/","og_site_name":"Eurecat Academy","article_published_time":"2019-11-19T14:02:21+00:00","article_modified_time":"2022-08-26T11:16:38+00:00","og_image":[{"width":640,"height":427,"url":"https:\/\/eurecatacademy.org\/wp-content\/uploads\/2019\/11\/gestio_rdi.jpg","type":"image\/jpeg"}],"author":"Elena Merin","twitter_card":"summary_large_image","twitter_misc":{"Escrit per":"Elena Merin","Temps estimat de lectura":"2 minuts"},"schema":{"@context":"https:\/\/schema.org","@graph":[{"@type":"Article","@id":"https:\/\/eurecatacademy.org\/ca\/noticies\/les-5-claus-de-la-gestio-de-lrdi\/#article","isPartOf":{"@id":"https:\/\/eurecatacademy.org\/ca\/noticies\/les-5-claus-de-la-gestio-de-lrdi\/"},"author":{"name":"Elena Merin","@id":"https:\/\/eurecatacademy.org\/#\/schema\/person\/c7c89d97bc7bb948ce8bbe0c139a2caf"},"headline":"Les 5 claus de la gesti\u00f3 de l&#8217;R+D+i","datePublished":"2019-11-19T14:02:21+00:00","dateModified":"2022-08-26T11:16:38+00:00","mainEntityOfPage":{"@id":"https:\/\/eurecatacademy.org\/ca\/noticies\/les-5-claus-de-la-gestio-de-lrdi\/"},"wordCount":500,"image":{"@id":"https:\/\/eurecatacademy.org\/ca\/noticies\/les-5-claus-de-la-gestio-de-lrdi\/#primaryimage"},"thumbnailUrl":"https:\/\/eurecatacademy.org\/wp-content\/uploads\/2019\/11\/gestio_rdi.jpg","articleSection":["Noticies"],"inLanguage":"ca"},{"@type":"WebPage","@id":"https:\/\/eurecatacademy.org\/ca\/noticies\/les-5-claus-de-la-gestio-de-lrdi\/","url":"https:\/\/eurecatacademy.org\/ca\/noticies\/les-5-claus-de-la-gestio-de-lrdi\/","name":"Les 5 claus de la gesti\u00f3 de l'R+D+i - Eurecat Academy","isPartOf":{"@id":"https:\/\/eurecatacademy.org\/#website"},"primaryImageOfPage":{"@id":"https:\/\/eurecatacademy.org\/ca\/noticies\/les-5-claus-de-la-gestio-de-lrdi\/#primaryimage"},"image":{"@id":"https:\/\/eurecatacademy.org\/ca\/noticies\/les-5-claus-de-la-gestio-de-lrdi\/#primaryimage"},"thumbnailUrl":"https:\/\/eurecatacademy.org\/wp-content\/uploads\/2019\/11\/gestio_rdi.jpg","datePublished":"2019-11-19T14:02:21+00:00","dateModified":"2022-08-26T11:16:38+00:00","author":{"@id":"https:\/\/eurecatacademy.org\/#\/schema\/person\/c7c89d97bc7bb948ce8bbe0c139a2caf"},"breadcrumb":{"@id":"https:\/\/eurecatacademy.org\/ca\/noticies\/les-5-claus-de-la-gestio-de-lrdi\/#breadcrumb"},"inLanguage":"ca","potentialAction":[{"@type":"ReadAction","target":["https:\/\/eurecatacademy.org\/ca\/noticies\/les-5-claus-de-la-gestio-de-lrdi\/"]}]},{"@type":"ImageObject","inLanguage":"ca","@id":"https:\/\/eurecatacademy.org\/ca\/noticies\/les-5-claus-de-la-gestio-de-lrdi\/#primaryimage","url":"https:\/\/eurecatacademy.org\/wp-content\/uploads\/2019\/11\/gestio_rdi.jpg","contentUrl":"https:\/\/eurecatacademy.org\/wp-content\/uploads\/2019\/11\/gestio_rdi.jpg","width":640,"height":427},{"@type":"BreadcrumbList","@id":"https:\/\/eurecatacademy.org\/ca\/noticies\/les-5-claus-de-la-gestio-de-lrdi\/#breadcrumb","itemListElement":[{"@type":"ListItem","position":1,"name":"Portada","item":"https:\/\/eurecatacademy.org\/ca\/"},{"@type":"ListItem","position":2,"name":"Les 5 claus de la gesti\u00f3 de l&#8217;R+D+i"}]},{"@type":"WebSite","@id":"https:\/\/eurecatacademy.org\/#website","url":"https:\/\/eurecatacademy.org\/","name":"Eurecat Academy","description":"Formaci\u00f3n tecnol\u00f3gica para profesionales","potentialAction":[{"@type":"SearchAction","target":{"@type":"EntryPoint","urlTemplate":"https:\/\/eurecatacademy.org\/?s={search_term_string}"},"query-input":{"@type":"PropertyValueSpecification","valueRequired":true,"valueName":"search_term_string"}}],"inLanguage":"ca"},{"@type":"Person","@id":"https:\/\/eurecatacademy.org\/#\/schema\/person\/c7c89d97bc7bb948ce8bbe0c139a2caf","name":"Elena Merin","image":{"@type":"ImageObject","inLanguage":"ca","@id":"https:\/\/secure.gravatar.com\/avatar\/deb330c0660ac5bf74cae5724d94229935e34c26df9bce576399b4da2212af05?s=96&d=mm&r=g","url":"https:\/\/secure.gravatar.com\/avatar\/deb330c0660ac5bf74cae5724d94229935e34c26df9bce576399b4da2212af05?s=96&d=mm&r=g","contentUrl":"https:\/\/secure.gravatar.com\/avatar\/deb330c0660ac5bf74cae5724d94229935e34c26df9bce576399b4da2212af05?s=96&d=mm&r=g","caption":"Elena Merin"},"url":"https:\/\/eurecatacademy.org\/ca\/author\/elena-merin\/"}]}},"_links":{"self":[{"href":"https:\/\/eurecatacademy.org\/ca\/wp-json\/wp\/v2\/posts\/25255","targetHints":{"allow":["GET"]}}],"collection":[{"href":"https:\/\/eurecatacademy.org\/ca\/wp-json\/wp\/v2\/posts"}],"about":[{"href":"https:\/\/eurecatacademy.org\/ca\/wp-json\/wp\/v2\/types\/post"}],"author":[{"embeddable":true,"href":"https:\/\/eurecatacademy.org\/ca\/wp-json\/wp\/v2\/users\/2"}],"replies":[{"embeddable":true,"href":"https:\/\/eurecatacademy.org\/ca\/wp-json\/wp\/v2\/comments?post=25255"}],"version-history":[{"count":1,"href":"https:\/\/eurecatacademy.org\/ca\/wp-json\/wp\/v2\/posts\/25255\/revisions"}],"predecessor-version":[{"id":38192,"href":"https:\/\/eurecatacademy.org\/ca\/wp-json\/wp\/v2\/posts\/25255\/revisions\/38192"}],"wp:featuredmedia":[{"embeddable":true,"href":"https:\/\/eurecatacademy.org\/ca\/wp-json\/wp\/v2\/media\/38190"}],"wp:attachment":[{"href":"https:\/\/eurecatacademy.org\/ca\/wp-json\/wp\/v2\/media?parent=25255"}],"wp:term":[{"taxonomy":"category","embeddable":true,"href":"https:\/\/eurecatacademy.org\/ca\/wp-json\/wp\/v2\/categories?post=25255"},{"taxonomy":"post_tag","embeddable":true,"href":"https:\/\/eurecatacademy.org\/ca\/wp-json\/wp\/v2\/tags?post=25255"}],"curies":[{"name":"wp","href":"https:\/\/api.w.org\/{rel}","templated":true}]}}